{"id":21928,"date":"2020-08-03T14:43:08","date_gmt":"2020-08-03T14:43:08","guid":{"rendered":"https:\/\/gutreigalicia.com\/sem-categoria\/entrevista-com-o-tvg-para-falar-sobre-a-loja-online\/"},"modified":"2020-08-03T14:43:09","modified_gmt":"2020-08-03T14:43:09","slug":"entrevista-com-o-tvg-para-falar-sobre-a-loja-online","status":"publish","type":"post","link":"https:\/\/gutreigalicia.com\/pt-pt\/noticia\/entrevista-com-o-tvg-para-falar-sobre-a-loja-online\/","title":{"rendered":"Entrevista com o TVG para falar sobre a loja online"},"content":{"rendered":"<div class=\"fusion-fullwidth fullwidth-box fusion-builder-row-1 nonhundred-percent-fullwidth non-hundred-percent-height-scrolling\" style=\"--awb-border-radius-top-left:0px;--awb-border-radius-top-right:0px;--awb-border-radius-bottom-right:0px;--awb-border-radius-bottom-left:0px;--awb-flex-wrap:wrap;\" ><div class=\"fusion-builder-row fusion-row\"><div class=\"fusion-layout-column fusion_builder_column fusion-builder-column-0 fusion_builder_column_1_1 1_1 fusion-one-full fusion-column-first fusion-column-last\" style=\"--awb-bg-size:cover;\"><div class=\"fusion-column-wrapper fusion-column-has-shadow fusion-flex-column-wrapper-legacy\"><div class=\"fusion-text fusion-text-1\"><p>Nosso gerente, Jose Manuel Guti\u00e9rrez, respondeu a perguntas do jornalista da TVG sobre o lan\u00e7amento da loja online. O lan\u00e7amento da venda on-line de nossa carne foi muito bem recebido por pessoas que, devido \u00e0 natureza excepcional do momento, s\u00e3o for\u00e7adas a permanecer confinadas em sua casa. Esta situa\u00e7\u00e3o n\u00e3o obriga a privar-se de um produto que, para os amantes da boa carne, \u00e9 uma delicatessen. Nossa empresa fez um esfor\u00e7o para entregar em sua casa, em 24\/48 horas, uma das melhores carnes bovinas do mundo e tamb\u00e9m sem custos de envio. #queteenteen mas melhor com um bom bife.<\/p>\n<\/div><div class=\"fusion-text fusion-text-2\"><div class=\"video-shortcode\"><iframe title=\"Entrevista a Gutrei Galicia en la TVG\" width=\"1200\" height=\"675\" src=\"https:\/\/www.youtube.com\/embed\/dGM4MT1ZzEk?feature=oembed\" frameborder=\"0\" allow=\"accelerometer; autoplay; encrypted-media; gyroscope; picture-in-picture\" allowfullscreen><\/iframe><\/div>\n<\/div><div class=\"fusion-clearfix\"><\/div><\/div><\/div><\/div><\/div>\n","protected":false},"excerpt":{"rendered":"","protected":false},"author":3,"featured_media":0,"comment_status":"open","ping_status":"open","sticky":false,"template":"","format":"standard","meta":{"footnotes":""},"categories":[117],"tags":[],"class_list":["post-21928","post","type-post","status-publish","format-standard","hentry","category-noticia"],"_links":{"self":[{"href":"https:\/\/gutreigalicia.com\/pt-pt\/wp-json\/wp\/v2\/posts\/21928","targetHints":{"allow":["GET"]}}],"collection":[{"href":"https:\/\/gutreigalicia.com\/pt-pt\/wp-json\/wp\/v2\/posts"}],"about":[{"href":"https:\/\/gutreigalicia.com\/pt-pt\/wp-json\/wp\/v2\/types\/post"}],"author":[{"embeddable":true,"href":"https:\/\/gutreigalicia.com\/pt-pt\/wp-json\/wp\/v2\/users\/3"}],"replies":[{"embeddable":true,"href":"https:\/\/gutreigalicia.com\/pt-pt\/wp-json\/wp\/v2\/comments?post=21928"}],"version-history":[{"count":0,"href":"https:\/\/gutreigalicia.com\/pt-pt\/wp-json\/wp\/v2\/posts\/21928\/revisions"}],"wp:attachment":[{"href":"https:\/\/gutreigalicia.com\/pt-pt\/wp-json\/wp\/v2\/media?parent=21928"}],"wp:term":[{"taxonomy":"category","embeddable":true,"href":"https:\/\/gutreigalicia.com\/pt-pt\/wp-json\/wp\/v2\/categories?post=21928"},{"taxonomy":"post_tag","embeddable":true,"href":"https:\/\/gutreigalicia.com\/pt-pt\/wp-json\/wp\/v2\/tags?post=21928"}],"curies":[{"name":"wp","href":"https:\/\/api.w.org\/{rel}","templated":true}]}}